{"id":4667,"date":"2026-07-20T08:00:00","date_gmt":"2026-07-20T06:00:00","guid":{"rendered":"https:\/\/hirtenhof-illsitz.com\/?p=4667"},"modified":"2026-09-05T11:49:02","modified_gmt":"2026-09-05T09:49:02","slug":"elding-unser-blitz-unsere-elli","status":"publish","type":"post","link":"https:\/\/hirtenhof-illsitz.com\/?p=4667","title":{"rendered":"Elding \u2013 unser Blitz, unsere Elli"},"content":{"rendered":"\n<p>\u2026das erste Fohlen, welches ich mir \u2013 noch unvern\u00fcnftigerweise mitten im Studium &#8211; in den Kopf gesetzt hatte. Mit ihr hat auch Manuel\u00b4s Weg als Pferdebesitzer begonnen, er hatte die Ehre Elli f\u00fcr uns zu kaufen (nat\u00fcrlich von den letzten zusammengekratzen Kr\u00f6ten, die man so rumliegen hat). Bis heute tr\u00e4gt er diesen Umstand mit Fassung.<\/p>\n\n\n\n<p>Kapitel Elding \u2026 seit 2004 begleitet sie uns, \u2026 22 Jahre \u2026 Und gestern mussten wir sie gehen lassen. <img loading=\"lazy\" decoding=\"async\" height=\"16\" width=\"16\" alt=\"\ud83d\udd4a\" src=\"https:\/\/static.xx.fbcdn.net\/images\/emoji.php\/v9\/tba\/1\/16\/1f54a.png\"><\/p>\n\n\n\n<p>Pl\u00f6tzlich, unerwartet, mitten im aktuellen Saisontrubel mit Ferieng\u00e4sten muss man sich selbst sortieren, einmal radikal erden, um eine Entscheidung treffen zu k\u00f6nnen. Klinik steht schnell fest (Gott sei Dank gibt es immer diese Option), schon nach den ersten Untersuchungen steht aber fest, es sieht nicht gut aus\u2026 F\u00fcr uns ist dennoch klar: Hier hat sie mehr Chance als zu Hause \u2013 konservativ wird alles getan\u2026 mein Bauchgef\u00fchl vom Morgen best\u00e4tigt sich leider am Abend &#8211; sie schafft es nicht. Ich gebe das Okay f\u00fcr ihre letzte Reise\u2026<\/p>\n\n\n\n<p>Elli wird uns in besonderer Erinnerung bleiben, ihre Stimme (ein durchdringendes trompetendes Wiehern) h\u00e4tte ich unter Millionen immer wieder erkannt. Elding war pr\u00e4gend f\u00fcr uns\/ mich in unserer Hof-Start-Zeit in reiterlicher und Horsemanship-Sicht, in der Zucht, einfach ein enorm wichtiger Baustein in meiner pers\u00f6nlichen Geschichte\u2026 Von Anfang an war der Kontakt zum Mensch aus ihrer Sicht zwar interessant, passte aber eigentlich nicht in ihr Weltbild \u2013 \u00fcberempfindlich, kitzlig, Ohren eine No-Go-Zone, fliegende Hufe in jeder kleinen Schrecksituation, Explosion in alle Himmelrichtungen beim Impfen \u2013 ihren Spitznamen \u201eVulkan\u201c trug sie nicht umsonst\u2026<\/p>\n\n\n\n<p>Voni als ihr erstes Fohlen, musste gro\u00dfe \u00dcberzeugungsarbeit leisten, damit er dann doch endlich trinken durfte. Ich habe nie wieder eine Mutterstute mit einer so leidenden Mimik gesehen, w\u00e4hrend das geliebte Fohlen am kitzligen Bauch auf Milchsuche war\u2026<\/p>\n\n\n\n<p>Elding hinterlie\u00df Eindruck bei allen, die mit ihr zu tun hatten, war ein wundervoller T\u00f6lter, ein Spa\u00dfpferd mit Lauffreude bis zum Horizont und zur\u00fcck.<\/p>\n\n\n\n<p>Ein M\u00e4dchenherz eroberte sie bereits fr\u00fch, das Kuscheltier (eine Ente) trug ihren Namen\u2026 umso sch\u00f6ner, dass diese beiden sp\u00e4ter auch intensive Jahre als Reitduo \u2013 mit ganz vielen Ausritten, Reitstunden, Abzeichenkursen, Messeauftritten und ersten Turnierritten &#8211; erleben durften.<\/p>\n\n\n\n<p>Man schreibt diese Zeilen, h\u00e4ngt so vielen Gedanken nach\u2026 es kommen immer wieder Bilder von so wundervollen Momenten, die uns mit diesen wundersch\u00f6nen Tieren geschenkt werden. Genie\u00dft jeden Moment, Erfolge und Ziele sind sicherlich wunderbar\u2026 aber am Ende denke ich an den Moment, wo ich \u00fcber Ellis Stirn und Nase gestreichelt habe, nochmal mein Gesicht an ihren Hals kuscheln und einfach nur neben ihr stehen durfte und sie sich mir zugewendet hat\u2026 das z\u00e4hlt.<\/p>\n\n\n\n<figure class=\"wp-block-gallery has-nested-images columns-default is-cropped wp-block-gallery-1 is-layout-flex wp-block-gallery-is-layout-flex\">\n<figure class=\"wp-block-image size-large\"><img loading=\"lazy\" decoding=\"async\" width=\"225\" height=\"225\" data-id=\"4673\" src=\"https:\/\/hirtenhof-illsitz.com\/wp-content\/uploads\/2026\/09\/753205390_18105477617026629_55776206577027655_n-edited.jpeg\" alt=\"\" class=\"wp-image-4673\" srcset=\"https:\/\/hirtenhof-illsitz.com\/wp-content\/uploads\/2026\/09\/753205390_18105477617026629_55776206577027655_n-edited.jpeg 225w, https:\/\/hirtenhof-illsitz.com\/wp-content\/uploads\/2026\/09\/753205390_18105477617026629_55776206577027655_n-edited-150x150.jpeg 150w, https:\/\/hirtenhof-illsitz.com\/wp-content\/uploads\/2026\/09\/753205390_18105477617026629_55776206577027655_n-edited-160x160.jpeg 160w, https:\/\/hirtenhof-illsitz.com\/wp-content\/uploads\/2026\/09\/753205390_18105477617026629_55776206577027655_n-edited-80x80.jpeg 80w\" sizes=\"auto, (max-width: 225px) 100vw, 225px\" \/><\/figure>\n\n\n\n<figure class=\"wp-block-image size-large\"><img loading=\"lazy\" decoding=\"async\" width=\"590\" height=\"590\" data-id=\"4669\" src=\"https:\/\/hirtenhof-illsitz.com\/wp-content\/uploads\/2026\/09\/752782106_18105477608026629_7579883275572112104_n.jpeg\" alt=\"\" class=\"wp-image-4669\" srcset=\"https:\/\/hirtenhof-illsitz.com\/wp-content\/uploads\/2026\/09\/752782106_18105477608026629_7579883275572112104_n.jpeg 590w, https:\/\/hirtenhof-illsitz.com\/wp-content\/uploads\/2026\/09\/752782106_18105477608026629_7579883275572112104_n-300x300.jpeg 300w, https:\/\/hirtenhof-illsitz.com\/wp-content\/uploads\/2026\/09\/752782106_18105477608026629_7579883275572112104_n-150x150.jpeg 150w, https:\/\/hirtenhof-illsitz.com\/wp-content\/uploads\/2026\/09\/752782106_18105477608026629_7579883275572112104_n-160x160.jpeg 160w, https:\/\/hirtenhof-illsitz.com\/wp-content\/uploads\/2026\/09\/752782106_18105477608026629_7579883275572112104_n-80x80.jpeg 80w, https:\/\/hirtenhof-illsitz.com\/wp-content\/uploads\/2026\/09\/752782106_18105477608026629_7579883275572112104_n-320x320.jpeg 320w\" sizes=\"auto, (max-width: 590px) 100vw, 590px\" \/><\/figure>\n\n\n\n<figure class=\"wp-block-image size-large\"><img loading=\"lazy\" decoding=\"async\" width=\"590\" height=\"590\" data-id=\"4668\" src=\"https:\/\/hirtenhof-illsitz.com\/wp-content\/uploads\/2026\/09\/752668085_18105477596026629_3192110985030436763_n.jpeg\" alt=\"\" class=\"wp-image-4668\" srcset=\"https:\/\/hirtenhof-illsitz.com\/wp-content\/uploads\/2026\/09\/752668085_18105477596026629_3192110985030436763_n.jpeg 590w, https:\/\/hirtenhof-illsitz.com\/wp-content\/uploads\/2026\/09\/752668085_18105477596026629_3192110985030436763_n-300x300.jpeg 300w, https:\/\/hirtenhof-illsitz.com\/wp-content\/uploads\/2026\/09\/752668085_18105477596026629_3192110985030436763_n-150x150.jpeg 150w, https:\/\/hirtenhof-illsitz.com\/wp-content\/uploads\/2026\/09\/752668085_18105477596026629_3192110985030436763_n-160x160.jpeg 160w, https:\/\/hirtenhof-illsitz.com\/wp-content\/uploads\/2026\/09\/752668085_18105477596026629_3192110985030436763_n-80x80.jpeg 80w, https:\/\/hirtenhof-illsitz.com\/wp-content\/uploads\/2026\/09\/752668085_18105477596026629_3192110985030436763_n-320x320.jpeg 320w, https:\/\/hirtenhof-illsitz.com\/wp-content\/uploads\/2026\/09\/752668085_18105477596026629_3192110985030436763_n-400x400.jpeg 400w\" sizes=\"auto, (max-width: 590px) 100vw, 590px\" \/><\/figure>\n<\/figure>\n","protected":false},"excerpt":{"rendered":"<p>\u2026das erste Fohlen, welches ich mir \u2013 noch unvern\u00fcnftigerweise mitten im Studium &#8211; in den Kopf gesetzt hatte. Mit ihr hat auch Manuel\u00b4s Weg als Pferdebesitzer begonnen, er hatte die Ehre Elli f\u00fcr uns&#46;&#46;&#46;<\/p>\n","protected":false},"author":2,"featured_media":4668,"comment_status":"open","ping_status":"open","sticky":false,"template":"","format":"standard","meta":{"footnotes":""},"categories":[143],"tags":[],"class_list":["post-4667","post","type-post","status-publish","format-standard","has-post-thumbnail","hentry","category-regenbogen"],"_links":{"self":[{"href":"https:\/\/hirtenhof-illsitz.com\/index.php?rest_route=\/wp\/v2\/posts\/4667","targetHints":{"allow":["GET"]}}],"collection":[{"href":"https:\/\/hirtenhof-illsitz.com\/index.php?rest_route=\/wp\/v2\/posts"}],"about":[{"href":"https:\/\/hirtenhof-illsitz.com\/index.php?rest_route=\/wp\/v2\/types\/post"}],"author":[{"embeddable":true,"href":"https:\/\/hirtenhof-illsitz.com\/index.php?rest_route=\/wp\/v2\/users\/2"}],"replies":[{"embeddable":true,"href":"https:\/\/hirtenhof-illsitz.com\/index.php?rest_route=%2Fwp%2Fv2%2Fcomments&post=4667"}],"version-history":[{"count":2,"href":"https:\/\/hirtenhof-illsitz.com\/index.php?rest_route=\/wp\/v2\/posts\/4667\/revisions"}],"predecessor-version":[{"id":4674,"href":"https:\/\/hirtenhof-illsitz.com\/index.php?rest_route=\/wp\/v2\/posts\/4667\/revisions\/4674"}],"wp:featuredmedia":[{"embeddable":true,"href":"https:\/\/hirtenhof-illsitz.com\/index.php?rest_route=\/wp\/v2\/media\/4668"}],"wp:attachment":[{"href":"https:\/\/hirtenhof-illsitz.com\/index.php?rest_route=%2Fwp%2Fv2%2Fmedia&parent=4667"}],"wp:term":[{"taxonomy":"category","embeddable":true,"href":"https:\/\/hirtenhof-illsitz.com\/index.php?rest_route=%2Fwp%2Fv2%2Fcategories&post=4667"},{"taxonomy":"post_tag","embeddable":true,"href":"https:\/\/hirtenhof-illsitz.com\/index.php?rest_route=%2Fwp%2Fv2%2Ftags&post=4667"}],"curies":[{"name":"wp","href":"https:\/\/api.w.org\/{rel}","templated":true}]}}