{"id":2779,"date":"2022-01-24T10:51:00","date_gmt":"2022-01-24T09:51:00","guid":{"rendered":"http:\/\/hirtenhof-illsitz.com\/?p=2779"},"modified":"2023-01-08T21:04:11","modified_gmt":"2023-01-08T20:04:11","slug":"zuwachs-in-der-jungpferdeherde","status":"publish","type":"post","link":"https:\/\/hirtenhof-illsitz.com\/?p=2779","title":{"rendered":"Zuwachs in der Jungpferdeherde"},"content":{"rendered":"\n<p>Die Jungpferdeherde hat Zuwachs bekommen. <img loading=\"lazy\" decoding=\"async\" width=\"16\" height=\"16\" alt=\"\ud83e\udd17\" src=\"https:\/\/static.xx.fbcdn.net\/images\/emoji.php\/v9\/tb7\/1\/16\/1f917.png\"><\/p>\n\n\n\n<p>Mittlerweile sind die beiden Absetzer von Juliane Knoop \/ Islandpferde von der Waldenburg schon 1,5 Wochen da und haben sich gut eingelebt &#8211; Sonnengenie\u00dfer zur Mittagszeit.<\/p>\n\n\n\n<p>Auch M\u00e1ni ist nach der Kastration aus der Klinik zur\u00fcck und darf schonmal \u00fcber den Zaun schauen.<\/p>\n\n\n\n<p>Fest steht, mit der lustigen Truppe wird es in den n\u00e4chsten Monaten nicht langweilig.<img loading=\"lazy\" decoding=\"async\" width=\"16\" height=\"16\" alt=\"\ud83d\ude01\" src=\"https:\/\/static.xx.fbcdn.net\/images\/emoji.php\/v9\/t4f\/1\/16\/1f601.png\"><\/p>\n\n\n\n<figure class=\"wp-block-gallery columns-3 is-cropped wp-block-gallery-1 is-layout-flex wp-block-gallery-is-layout-flex\"><ul class=\"blocks-gallery-grid\"><li class=\"blocks-gallery-item\"><figure><img loading=\"lazy\" decoding=\"async\" width=\"1024\" height=\"1024\" src=\"http:\/\/hirtenhof-illsitz.com\/wp-content\/uploads\/2022\/02\/Fohlenbande-1024x1024.jpg\" alt=\"\" data-id=\"2780\" data-link=\"http:\/\/hirtenhof-illsitz.com\/?attachment_id=2780\" class=\"wp-image-2780\" srcset=\"https:\/\/hirtenhof-illsitz.com\/wp-content\/uploads\/2022\/02\/Fohlenbande-1024x1024.jpg 1024w, https:\/\/hirtenhof-illsitz.com\/wp-content\/uploads\/2022\/02\/Fohlenbande-300x300.jpg 300w, https:\/\/hirtenhof-illsitz.com\/wp-content\/uploads\/2022\/02\/Fohlenbande-150x150.jpg 150w, https:\/\/hirtenhof-illsitz.com\/wp-content\/uploads\/2022\/02\/Fohlenbande-768x768.jpg 768w, https:\/\/hirtenhof-illsitz.com\/wp-content\/uploads\/2022\/02\/Fohlenbande-80x80.jpg 80w, https:\/\/hirtenhof-illsitz.com\/wp-content\/uploads\/2022\/02\/Fohlenbande-320x320.jpg 320w, https:\/\/hirtenhof-illsitz.com\/wp-content\/uploads\/2022\/02\/Fohlenbande.jpg 1080w\" sizes=\"auto, (max-width: 1024px) 100vw, 1024px\" \/><\/figure><\/li><li class=\"blocks-gallery-item\"><figure><img loading=\"lazy\" decoding=\"async\" width=\"676\" height=\"676\" src=\"http:\/\/hirtenhof-illsitz.com\/wp-content\/uploads\/2022\/02\/Fohlenbande2.jpg\" alt=\"\" data-id=\"2781\" data-link=\"http:\/\/hirtenhof-illsitz.com\/?attachment_id=2781\" class=\"wp-image-2781\" srcset=\"https:\/\/hirtenhof-illsitz.com\/wp-content\/uploads\/2022\/02\/Fohlenbande2.jpg 676w, https:\/\/hirtenhof-illsitz.com\/wp-content\/uploads\/2022\/02\/Fohlenbande2-300x300.jpg 300w, https:\/\/hirtenhof-illsitz.com\/wp-content\/uploads\/2022\/02\/Fohlenbande2-150x150.jpg 150w, https:\/\/hirtenhof-illsitz.com\/wp-content\/uploads\/2022\/02\/Fohlenbande2-80x80.jpg 80w, https:\/\/hirtenhof-illsitz.com\/wp-content\/uploads\/2022\/02\/Fohlenbande2-320x320.jpg 320w\" sizes=\"auto, (max-width: 676px) 100vw, 676px\" \/><\/figure><\/li><li class=\"blocks-gallery-item\"><figure><img loading=\"lazy\" decoding=\"async\" width=\"1024\" height=\"1024\" src=\"http:\/\/hirtenhof-illsitz.com\/wp-content\/uploads\/2022\/02\/Jungpferde1-1024x1024.jpg\" alt=\"\" data-id=\"2782\" data-full-url=\"http:\/\/hirtenhof-illsitz.com\/wp-content\/uploads\/2022\/02\/Jungpferde1.jpg\" data-link=\"http:\/\/hirtenhof-illsitz.com\/?attachment_id=2782\" class=\"wp-image-2782\" srcset=\"https:\/\/hirtenhof-illsitz.com\/wp-content\/uploads\/2022\/02\/Jungpferde1-1024x1024.jpg 1024w, https:\/\/hirtenhof-illsitz.com\/wp-content\/uploads\/2022\/02\/Jungpferde1-300x300.jpg 300w, https:\/\/hirtenhof-illsitz.com\/wp-content\/uploads\/2022\/02\/Jungpferde1-150x150.jpg 150w, https:\/\/hirtenhof-illsitz.com\/wp-content\/uploads\/2022\/02\/Jungpferde1-768x768.jpg 768w, https:\/\/hirtenhof-illsitz.com\/wp-content\/uploads\/2022\/02\/Jungpferde1-80x80.jpg 80w, https:\/\/hirtenhof-illsitz.com\/wp-content\/uploads\/2022\/02\/Jungpferde1-320x320.jpg 320w, https:\/\/hirtenhof-illsitz.com\/wp-content\/uploads\/2022\/02\/Jungpferde1.jpg 1080w\" sizes=\"auto, (max-width: 1024px) 100vw, 1024px\" \/><\/figure><\/li><\/ul><\/figure>\n","protected":false},"excerpt":{"rendered":"<p>Die Jungpferdeherde hat Zuwachs bekommen. Mittlerweile sind die beiden Absetzer von Juliane Knoop \/ Islandpferde von der Waldenburg schon 1,5 Wochen da und haben sich gut eingelebt &#8211; Sonnengenie\u00dfer zur Mittagszeit. Auch M\u00e1ni ist&#46;&#46;&#46;<\/p>\n","protected":false},"author":2,"featured_media":2782,"comment_status":"open","ping_status":"open","sticky":false,"template":"","format":"standard","meta":{"footnotes":""},"categories":[136,13],"tags":[],"class_list":["post-2779","post","type-post","status-publish","format-standard","has-post-thumbnail","hentry","category-berichte","category-rund-um-den-hof"],"_links":{"self":[{"href":"https:\/\/hirtenhof-illsitz.com\/index.php?rest_route=\/wp\/v2\/posts\/2779","targetHints":{"allow":["GET"]}}],"collection":[{"href":"https:\/\/hirtenhof-illsitz.com\/index.php?rest_route=\/wp\/v2\/posts"}],"about":[{"href":"https:\/\/hirtenhof-illsitz.com\/index.php?rest_route=\/wp\/v2\/types\/post"}],"author":[{"embeddable":true,"href":"https:\/\/hirtenhof-illsitz.com\/index.php?rest_route=\/wp\/v2\/users\/2"}],"replies":[{"embeddable":true,"href":"https:\/\/hirtenhof-illsitz.com\/index.php?rest_route=%2Fwp%2Fv2%2Fcomments&post=2779"}],"version-history":[{"count":1,"href":"https:\/\/hirtenhof-illsitz.com\/index.php?rest_route=\/wp\/v2\/posts\/2779\/revisions"}],"predecessor-version":[{"id":2783,"href":"https:\/\/hirtenhof-illsitz.com\/index.php?rest_route=\/wp\/v2\/posts\/2779\/revisions\/2783"}],"wp:featuredmedia":[{"embeddable":true,"href":"https:\/\/hirtenhof-illsitz.com\/index.php?rest_route=\/wp\/v2\/media\/2782"}],"wp:attachment":[{"href":"https:\/\/hirtenhof-illsitz.com\/index.php?rest_route=%2Fwp%2Fv2%2Fmedia&parent=2779"}],"wp:term":[{"taxonomy":"category","embeddable":true,"href":"https:\/\/hirtenhof-illsitz.com\/index.php?rest_route=%2Fwp%2Fv2%2Fcategories&post=2779"},{"taxonomy":"post_tag","embeddable":true,"href":"https:\/\/hirtenhof-illsitz.com\/index.php?rest_route=%2Fwp%2Fv2%2Ftags&post=2779"}],"curies":[{"name":"wp","href":"https:\/\/api.w.org\/{rel}","templated":true}]}}