{"id":1196,"date":"2019-12-22T19:35:40","date_gmt":"2019-12-22T18:35:40","guid":{"rendered":"http:\/\/hirtenhof-illsitz.com\/?p=1196"},"modified":"2019-12-23T17:45:31","modified_gmt":"2019-12-23T16:45:31","slug":"weihnachtspause-jahreswechsel-und-betriebsferien","status":"publish","type":"post","link":"https:\/\/hirtenhof-illsitz.com\/?p=1196","title":{"rendered":"Weihnachtspause, Jahreswechsel und Betriebsferien"},"content":{"rendered":"\n<div class=\"wp-block-media-text alignwide\" style=\"grid-template-columns:44% auto\"><figure class=\"wp-block-media-text__media\"><img loading=\"lazy\" decoding=\"async\" width=\"768\" height=\"1024\" src=\"http:\/\/hirtenhof-illsitz.com\/wp-content\/uploads\/2019\/12\/20191220_111304-e1577039208926-768x1024.jpg\" alt=\"\" class=\"wp-image-1198\" srcset=\"https:\/\/hirtenhof-illsitz.com\/wp-content\/uploads\/2019\/12\/20191220_111304-e1577039208926-768x1024.jpg 768w, https:\/\/hirtenhof-illsitz.com\/wp-content\/uploads\/2019\/12\/20191220_111304-e1577039208926-225x300.jpg 225w\" sizes=\"auto, (max-width: 768px) 100vw, 768px\" \/><\/figure><div class=\"wp-block-media-text__content\">\n<p>Wir w\u00fcnschen allen Reitsch\u00fclern, Reitbeteiligungen, Pensionern und allen Hof-&amp; Vereins-Freunden ein gesegnetes Weihnachtsfest und einen    guten Start ins Jahr 2020.<\/p>\n\n\n\n<p>Wir sind vom 22.12.2019 bis 16.02.2020 in unserer Weihnachtspause und anschlie\u00dfend in den Betriebsferien. In dieser Zeit bitten wir von Anfragen f\u00fcr Reitunterricht abzusehen &#8211; unsere Schulpferde haben Pause.<\/p>\n<\/div><\/div>\n\n\n\n<p>F\u00fcr unsere Pensioner und Reitbeteiligungen sind wir nat\u00fcrlich weiter zust\u00e4ndig und haben ein offenes Ohr f\u00fcr jedes Anliegen.<\/p>\n\n\n\n<p>Die Reitschule startet am Montag, 17. Februar 2020 wieder!<\/p>\n","protected":false},"excerpt":{"rendered":"<p>Wir w\u00fcnschen allen Reitsch\u00fclern, Reitbeteiligungen, Pensionern und allen Hof-&amp; Vereins-Freunden ein gesegnetes Weihnachtsfest und einen guten Start ins Jahr 2020. Wir sind vom 22.12.2019 bis 16.02.2020 in unserer Weihnachtspause und anschlie\u00dfend in den Betriebsferien.&#46;&#46;&#46;<\/p>\n","protected":false},"author":2,"featured_media":1199,"comment_status":"open","ping_status":"open","sticky":false,"template":"","format":"standard","meta":{"footnotes":""},"categories":[2,13],"tags":[],"class_list":["post-1196","post","type-post","status-publish","format-standard","has-post-thumbnail","hentry","category-betriebsferien","category-rund-um-den-hof"],"_links":{"self":[{"href":"https:\/\/hirtenhof-illsitz.com\/index.php?rest_route=\/wp\/v2\/posts\/1196","targetHints":{"allow":["GET"]}}],"collection":[{"href":"https:\/\/hirtenhof-illsitz.com\/index.php?rest_route=\/wp\/v2\/posts"}],"about":[{"href":"https:\/\/hirtenhof-illsitz.com\/index.php?rest_route=\/wp\/v2\/types\/post"}],"author":[{"embeddable":true,"href":"https:\/\/hirtenhof-illsitz.com\/index.php?rest_route=\/wp\/v2\/users\/2"}],"replies":[{"embeddable":true,"href":"https:\/\/hirtenhof-illsitz.com\/index.php?rest_route=%2Fwp%2Fv2%2Fcomments&post=1196"}],"version-history":[{"count":2,"href":"https:\/\/hirtenhof-illsitz.com\/index.php?rest_route=\/wp\/v2\/posts\/1196\/revisions"}],"predecessor-version":[{"id":1200,"href":"https:\/\/hirtenhof-illsitz.com\/index.php?rest_route=\/wp\/v2\/posts\/1196\/revisions\/1200"}],"wp:featuredmedia":[{"embeddable":true,"href":"https:\/\/hirtenhof-illsitz.com\/index.php?rest_route=\/wp\/v2\/media\/1199"}],"wp:attachment":[{"href":"https:\/\/hirtenhof-illsitz.com\/index.php?rest_route=%2Fwp%2Fv2%2Fmedia&parent=1196"}],"wp:term":[{"taxonomy":"category","embeddable":true,"href":"https:\/\/hirtenhof-illsitz.com\/index.php?rest_route=%2Fwp%2Fv2%2Fcategories&post=1196"},{"taxonomy":"post_tag","embeddable":true,"href":"https:\/\/hirtenhof-illsitz.com\/index.php?rest_route=%2Fwp%2Fv2%2Ftags&post=1196"}],"curies":[{"name":"wp","href":"https:\/\/api.w.org\/{rel}","templated":true}]}}