{"id":1,"date":"2019-01-11T10:21:49","date_gmt":"2019-01-11T09:21:49","guid":{"rendered":"http:\/\/hirtenhof-illsitz.com\/?p=1"},"modified":"2019-01-11T17:14:35","modified_gmt":"2019-01-11T16:14:35","slug":"eine-besinnliche-zeit-und-guten-start-in-neue-jahr-betriebsferien-bis-17-2-2019","status":"publish","type":"post","link":"https:\/\/hirtenhof-illsitz.com\/?p=1","title":{"rendered":"Eine besinnliche Zeit und guten Start in neue Jahr! Betriebsferien bis 17.2.2019!"},"content":{"rendered":"\n<p>Wir genie\u00dfen unsere Pause bis zum 17.02.2019 ? Die Termine f\u00fcr 2019  werden in den kommenden Tagen online gestellt. Wir bieten wieder  Reiterferien in den th\u00fcringer Sommerferien an (1.-5.Woche). Die  Anmeldung daf\u00fcr wird aus organisatorischen Gr\u00fcnden erst ab dem 15.1.2019 online m\u00f6glich sein. Anfragen jeder Art richten Sie bitte per Email an uns, oder zu unseren B\u00fcrozeiten Dienstag und Donnerstag 9-12 Uhr.<\/p>\n\n\n\n<p>Ihr Team vom Hirtenhof Illsitz<br><\/p>\n\n\n\n<figure class=\"wp-block-image\"><img decoding=\"async\" src=\"http:\/\/hirtenhof-illsitz.com\/wp-content\/uploads\/2019\/01\/Betriebsferien-1024x680.jpg\" alt=\"\" class=\"wp-image-113\"\/><\/figure>\n","protected":false},"excerpt":{"rendered":"<p>Wir genie\u00dfen unsere Pause bis zum 17.02.2019 ? Die Termine f\u00fcr 2019 werden in den kommenden Tagen online gestellt. Wir bieten wieder Reiterferien in den th\u00fcringer Sommerferien an (1.-5.Woche). Die Anmeldung daf\u00fcr wird aus&#46;&#46;&#46;<\/p>\n","protected":false},"author":2,"featured_media":0,"comment_status":"closed","ping_status":"closed","sticky":false,"template":"","format":"standard","meta":{"footnotes":""},"categories":[2],"tags":[],"class_list":["post-1","post","type-post","status-publish","format-standard","hentry","category-betriebsferien"],"_links":{"self":[{"href":"https:\/\/hirtenhof-illsitz.com\/index.php?rest_route=\/wp\/v2\/posts\/1","targetHints":{"allow":["GET"]}}],"collection":[{"href":"https:\/\/hirtenhof-illsitz.com\/index.php?rest_route=\/wp\/v2\/posts"}],"about":[{"href":"https:\/\/hirtenhof-illsitz.com\/index.php?rest_route=\/wp\/v2\/types\/post"}],"author":[{"embeddable":true,"href":"https:\/\/hirtenhof-illsitz.com\/index.php?rest_route=\/wp\/v2\/users\/2"}],"replies":[{"embeddable":true,"href":"https:\/\/hirtenhof-illsitz.com\/index.php?rest_route=%2Fwp%2Fv2%2Fcomments&post=1"}],"version-history":[{"count":1,"href":"https:\/\/hirtenhof-illsitz.com\/index.php?rest_route=\/wp\/v2\/posts\/1\/revisions"}],"predecessor-version":[{"id":114,"href":"https:\/\/hirtenhof-illsitz.com\/index.php?rest_route=\/wp\/v2\/posts\/1\/revisions\/114"}],"wp:attachment":[{"href":"https:\/\/hirtenhof-illsitz.com\/index.php?rest_route=%2Fwp%2Fv2%2Fmedia&parent=1"}],"wp:term":[{"taxonomy":"category","embeddable":true,"href":"https:\/\/hirtenhof-illsitz.com\/index.php?rest_route=%2Fwp%2Fv2%2Fcategories&post=1"},{"taxonomy":"post_tag","embeddable":true,"href":"https:\/\/hirtenhof-illsitz.com\/index.php?rest_route=%2Fwp%2Fv2%2Ftags&post=1"}],"curies":[{"name":"wp","href":"https:\/\/api.w.org\/{rel}","templated":true}]}}